{"id":2050,"date":"2018-04-05T09:11:12","date_gmt":"2018-04-05T07:11:12","guid":{"rendered":"http:\/\/markahikayecisi.com\/?p=2050"},"modified":"2019-01-15T18:12:55","modified_gmt":"2019-01-15T16:12:55","slug":"eminim-hyggea-bayiliyorsunuz-sadece-henuz-bunun-farkinda-olmayabilirsiniz","status":"publish","type":"post","link":"https:\/\/markahikayecisi.com\/?p=2050","title":{"rendered":"Eminim Hygge\u2019a Bay\u0131l\u0131yorsunuz. Sadece hen\u00fcz bunun fark\u0131nda olmayabilirsiniz."},"content":{"rendered":"<p class=\"p1\"><span class=\"s1\">Asl\u0131nda bu yaz\u0131y\u0131 \u00e7ok daha \u00f6nce yazmak niyetindeydim. Aral\u0131k sonu veya Ocak ba\u015f\u0131 gibi. Havada kar ihtimali varken. \u015e\u00f6minelerin yand\u0131\u011f\u0131, sokakta kestane sat\u0131ld\u0131\u011f\u0131, battaniyenin alt\u0131na girip film izlemenin en \u00e7ok keyif verdi\u011fi mevsimde. Olsun. Nas\u0131l olsa konu hygge olunca, bahar aylar\u0131nda da malzeme bol. <\/span><\/p>\n<p class=\"p1\"><span class=\"s1\"> <a href=\"http:\/\/markahikayecisi.com\/wp-content\/uploads\/2018\/04\/candle-hygge.jpg\"><img fetchpriority=\"high\" decoding=\"async\" class=\"alignleft size-medium wp-image-2051\" src=\"http:\/\/markahikayecisi.com\/wp-content\/uploads\/2018\/04\/candle-hygge-300x198.jpg\" alt=\"\" width=\"300\" height=\"198\" srcset=\"https:\/\/markahikayecisi.com\/wp-content\/uploads\/2018\/04\/candle-hygge-300x198.jpg 300w, https:\/\/markahikayecisi.com\/wp-content\/uploads\/2018\/04\/candle-hygge-768x506.jpg 768w, https:\/\/markahikayecisi.com\/wp-content\/uploads\/2018\/04\/candle-hygge-1024x675.jpg 1024w, https:\/\/markahikayecisi.com\/wp-content\/uploads\/2018\/04\/candle-hygge-980x646.jpg 980w, https:\/\/markahikayecisi.com\/wp-content\/uploads\/2018\/04\/candle-hygge-573x378.jpg 573w, https:\/\/markahikayecisi.com\/wp-content\/uploads\/2018\/04\/candle-hygge.jpg 1600w\" sizes=\"(max-width: 300px) 100vw, 300px\" \/><\/a>Forbes\u2019da yazan Juyoung Sen Kopenhag\u2019daki hygge mekanlar\u0131n\u0131 anlatt\u0131\u011f\u0131 makalesine ba\u015flarken \u015f\u00f6yle diyor; \u201ce\u011fer hygge kelimesini ilk defa duyuyorsan\u0131z g\u00fcncel ya\u015famdan kopuksunuz demektir\u201d. Zira<b> s\u0131cak ve samimi ortamlar yaratma sanat\u0131 anlam\u0131na gelen ve Danimarka\u2019da benimsenen bir ya\u015fam felsefesini anlatan Hygge \u00e7oktan bir ak\u0131ma d\u00f6n\u00fc\u015ft\u00fc bile. <\/b>Bu, huzuru hayat\u0131n oda\u011f\u0131nda tutan bir ya\u015fam bi\u00e7imi. Aile ve arkada\u015flar ile s\u0131k\u0131 ba\u011flar kurmay\u0131 savunan, onlarla (tercihen evde) \u015farap veya kahve\/kek e\u015fli\u011finde ge\u00e7irilen zaman\u0131n k\u0131ymetinden dem vuran Hygge\u2019\u0131 <b>mutlu hayat i\u00e7in bir re\u00e7ete<\/b> olarak d\u00fc\u015f\u00fcnmek de m\u00fcmk\u00fcn. <\/span><\/p>\n<p class=\"p1\"><span class=\"s1\"> Hygge felsefesi ile ilgili daha fazla bilgi isterseniz D\u00fcnya Mutluluk Enstit\u00fcs\u00fc CEO\u2019su Meik Wiking taraf\u0131ndan kaleme al\u0131nan \u201cThe Little Book of Hygge\u201d\u2019\u0131 okuman\u0131z\u0131 tavsiye ederim. Benim bu yaz\u0131da alt\u0131n\u0131 \u00e7izmek istedi\u011fim ise <b>Hygge ile birlikte onu \u00e7a\u011fr\u0131\u015ft\u0131ran her \u015feyin reva\u00e7ta oldu\u011fu ger\u00e7e\u011fi.<\/b><\/span><\/p>\n<p class=\"p1\"><em><span class=\"s2\">Cafe\u2019nin Hygge Hali<\/span><\/em><\/p>\n<p class=\"p1\"><span class=\"s1\"> <b>Ev ortam\u0131n\u0131 and\u0131ran cafe\u2019ler <\/b>neden bu kadar tuttu derseniz? Ah\u015fap a\u011f\u0131rl\u0131kl\u0131 dekorasyon, <a href=\"http:\/\/markahikayecisi.com\/wp-content\/uploads\/2018\/04\/horasan-cesme-hygge.jpg\"><img decoding=\"async\" class=\"alignright size-medium wp-image-2059\" src=\"http:\/\/markahikayecisi.com\/wp-content\/uploads\/2018\/04\/horasan-cesme-hygge-231x300.jpg\" alt=\"\" width=\"231\" height=\"300\" srcset=\"https:\/\/markahikayecisi.com\/wp-content\/uploads\/2018\/04\/horasan-cesme-hygge-231x300.jpg 231w, https:\/\/markahikayecisi.com\/wp-content\/uploads\/2018\/04\/horasan-cesme-hygge-566x735.jpg 566w, https:\/\/markahikayecisi.com\/wp-content\/uploads\/2018\/04\/horasan-cesme-hygge-331x430.jpg 331w, https:\/\/markahikayecisi.com\/wp-content\/uploads\/2018\/04\/horasan-cesme-hygge.jpg 570w\" sizes=\"(max-width: 231px) 100vw, 231px\" \/><\/a>yumu\u015fak koltuklar, taze \u00e7i\u00e7eklerle s\u00fcslenmi\u015f masalar, rahatlat\u0131c\u0131 bir fon m\u00fczi\u011fi ve yeni \u00e7ekilmi\u015f kahve kokusuna dair her \u015fey hygge\u2019a uygun da ondan! Restoranlar i\u00e7in de ayn\u0131 \u015fey ge\u00e7erli. <b>Fabrikasyondan uzak<\/b>, \u201csabah hale gitti\u011fimde taze bulduysam ald\u0131m. Bug\u00fcnk\u00fc men\u00fcm\u00fczde onlarla pi\u015firilen yemekler var\u201d diyen yerler \u00e7oktand\u0131r en \u00e7ok ra\u011fbet g\u00f6renler de\u011fil mi? Akl\u0131ma bir \u00e7\u0131rp\u0131da Cup of Joy, \u00c7e\u015fme \u00e7ar\u015f\u0131daki Horasan Bal\u0131k, Can Oba\u2019n\u0131n Sirkeci\u2019deki restoran\u0131 ve Ni\u015fanta\u015f\u0131 Delicatessen geldi. Ve hatta h\u0131zla \u015fubele\u015fen House Cafe, Kitchenette, Big Chefs gibi mekanlar\u0131n cazibesini kaybetmelerinin sebebi o samimiyetin (Hygge\u2019\u0131n olmazsa olmaz\u0131) yitirilmesi de\u011fil mi?<\/span><\/p>\n<p class=\"p1\"><em><span class=\"s2\">Peki Ya Konaklama<\/span><\/em><\/p>\n<p class=\"p1\"><span class=\"s1\"> <a href=\"http:\/\/markahikayecisi.com\/wp-content\/uploads\/2018\/04\/riad-marrakech-jasmine.png\"><img decoding=\"async\" class=\"alignleft size-medium wp-image-2053\" src=\"http:\/\/markahikayecisi.com\/wp-content\/uploads\/2018\/04\/riad-marrakech-jasmine-247x300.png\" alt=\"\" width=\"247\" height=\"300\" srcset=\"https:\/\/markahikayecisi.com\/wp-content\/uploads\/2018\/04\/riad-marrakech-jasmine-247x300.png 247w, https:\/\/markahikayecisi.com\/wp-content\/uploads\/2018\/04\/riad-marrakech-jasmine-353x430.png 353w, https:\/\/markahikayecisi.com\/wp-content\/uploads\/2018\/04\/riad-marrakech-jasmine.png 553w\" sizes=\"(max-width: 247px) 100vw, 247px\" \/><\/a>Bir s\u00fcredir d\u00fcnyay\u0131 saran <b>butik otel<\/b> ve ard\u0131ndan gelen <b>agriculture oteller<\/b> furyas\u0131nda da ayn\u0131 hissiyat ge\u00e7erli. Be\u015f y\u0131ld\u0131zl\u0131 kompleks d\u00f6nemi bitti. Otelin bostan\u0131ndan salatal\u0131k kopar\u0131p yiyebiliyor musun, ona bak. Airbnb de durum ayn\u0131. Dikkat edin Airbnb\u2019de en \u00e7ok ra\u011fbet g\u00f6ren evler karar\u0131nda e\u015fya kullanarak s\u0131cak ortamlar yaratabilenler. <b>Zira Hygge\u2019\u0131n en kuvvetli hissedildi\u011fi alan ev ortam\u0131<\/b>. D\u00fcnyada mum sat\u0131\u015flar\u0131n\u0131n t\u0131rmanmas\u0131, Coffee table book\u2019lar\u0131n kap\u0131\u015f kap\u0131\u015f al\u0131nmas\u0131, seramik kahve fincanlar\u0131n\u0131n hediye olarak s\u0131kl\u0131kla tercih edilmesi hep Hygge\u2019dan. Zara Home, H&amp;M Home, Madame Coco gibi markalara olu\u015fan talebi besleyen de bu ak\u0131m. Nas\u0131l olmas\u0131n? Battaniyeler, minderler, mumlar, sepetler, rengarenk tabaklar\u2026 \u0130\u00e7erisi Hygge objeleriyle dolu! En son g\u00f6rd\u00fc\u011f\u00fcm \u00f6rnek Ikea\u2019n\u0131n bu felsefeden ilham alarak haz\u0131rlad\u0131\u011f\u0131 koleksiyon oldu.<span class=\"Apple-converted-space\">&nbsp; <\/span>Hj\u00e4rtelig ad\u0131 verilen koleksiyon evde fiziksel ve ruhsal iyile\u015fmeye uygun bir ortam haz\u0131rlamay\u0131 hedefliyor. Marka koleksiyonunu tan\u0131t\u0131rken \u201cHj\u00e4rtelig sizi eve girince \u2018pause\u2019 butonuna basmaya davet <a href=\"http:\/\/markahikayecisi.com\/wp-content\/uploads\/2018\/04\/ikea.jpg\"><img loading=\"lazy\" decoding=\"async\" class=\"aligncenter size-medium wp-image-2054\" src=\"http:\/\/markahikayecisi.com\/wp-content\/uploads\/2018\/04\/ikea-300x300.jpg\" alt=\"\" width=\"300\" height=\"300\" srcset=\"https:\/\/markahikayecisi.com\/wp-content\/uploads\/2018\/04\/ikea-300x300.jpg 300w, https:\/\/markahikayecisi.com\/wp-content\/uploads\/2018\/04\/ikea-150x150.jpg 150w, https:\/\/markahikayecisi.com\/wp-content\/uploads\/2018\/04\/ikea-430x430.jpg 430w, https:\/\/markahikayecisi.com\/wp-content\/uploads\/2018\/04\/ikea-80x80.jpg 80w, https:\/\/markahikayecisi.com\/wp-content\/uploads\/2018\/04\/ikea.jpg 600w\" sizes=\"(max-width: 300px) 100vw, 300px\" \/><\/a>ediyor. \u00c7i\u00e7eklerinizle ilgilenmek, yoga yapmak veya nat\u00fcrel materyallerle tasarlanan objelerin aras\u0131nda sessizce huzur bulmak\u2026 Kendinize d\u00f6nmek i\u00e7in size ne iyi gelecekse\u201d ifadelerini kullan\u0131yor. <\/span><\/p>\n<p class=\"p1\"><em><span class=\"s2\">Y\u00fckselen Trend Ev Giysileri<\/span><\/em><\/p>\n<p class=\"p1\"><span class=\"s1\"> Benzer \u015fekilde <b>moda markalar\u0131 da ev giyimini ba\u015fl\u0131 ba\u015f\u0131na bir kategori olarak i\u015flemeye ba\u015flad\u0131.<\/b> \u201cEvdesin, g\u00fcvendesin\u201d hissiyat\u0131n\u0131 verirken ayn\u0131 zamanda stil sahibi bir <a href=\"http:\/\/markahikayecisi.com\/wp-content\/uploads\/2018\/04\/oysho-fall-winter-lookbook.jpg\"><img loading=\"lazy\" decoding=\"async\" class=\"alignleft size-medium wp-image-2055\" src=\"http:\/\/markahikayecisi.com\/wp-content\/uploads\/2018\/04\/oysho-fall-winter-lookbook-300x162.jpg\" alt=\"\" width=\"300\" height=\"162\" srcset=\"https:\/\/markahikayecisi.com\/wp-content\/uploads\/2018\/04\/oysho-fall-winter-lookbook-300x162.jpg 300w, https:\/\/markahikayecisi.com\/wp-content\/uploads\/2018\/04\/oysho-fall-winter-lookbook-573x309.jpg 573w, https:\/\/markahikayecisi.com\/wp-content\/uploads\/2018\/04\/oysho-fall-winter-lookbook.jpg 758w\" sizes=\"(max-width: 300px) 100vw, 300px\" \/><\/a>duru\u015f da sergileyen par\u00e7alardan bahsediyorum. Yani, i\u00e7eri girer girmez \u00fczerinize ge\u00e7irdi\u011finiz gri e\u015fofman alt\u0131na rakip \u00fcr\u00fcnler\u2026 Madem evde \u00e7ekilen selfie\u2019ler artt\u0131, k\u0131yafetleri de ona uydurmak gerek. Ge\u00e7en seneki The International Home + Homewear Show (IHHS) \u00f6n\u00fcm\u00fczdeki senelerde markalar\u0131n en \u00e7ok yat\u0131r\u0131m yapmay\u0131 d\u00fc\u015f\u00fcnd\u00fckleri alanlardan biri olarak ev i\u00e7i giyim kategorisinin alt\u0131n\u0131 \u00e7izdi. Zira yenilikleri en atak \u015fekilde kavramalar\u0131 ile tan\u0131d\u0131\u011f\u0131m\u0131z h\u0131zl\u0131 moda markalar\u0131nda bu tip k\u0131yafetlere ayr\u0131lan ask\u0131lar son 1-2 senedir art\u0131yor. <a href=\"http:\/\/markahikayecisi.com\/wp-content\/uploads\/2018\/04\/4-YARGICI-Homeworks-Store.jpg\"><img loading=\"lazy\" decoding=\"async\" class=\"alignright size-medium wp-image-2060\" src=\"http:\/\/markahikayecisi.com\/wp-content\/uploads\/2018\/04\/4-YARGICI-Homeworks-Store-300x206.jpg\" alt=\"\" width=\"300\" height=\"206\" srcset=\"https:\/\/markahikayecisi.com\/wp-content\/uploads\/2018\/04\/4-YARGICI-Homeworks-Store-300x206.jpg 300w, https:\/\/markahikayecisi.com\/wp-content\/uploads\/2018\/04\/4-YARGICI-Homeworks-Store-768x526.jpg 768w, https:\/\/markahikayecisi.com\/wp-content\/uploads\/2018\/04\/4-YARGICI-Homeworks-Store-1024x702.jpg 1024w, https:\/\/markahikayecisi.com\/wp-content\/uploads\/2018\/04\/4-YARGICI-Homeworks-Store-980x672.jpg 980w, https:\/\/markahikayecisi.com\/wp-content\/uploads\/2018\/04\/4-YARGICI-Homeworks-Store-573x393.jpg 573w\" sizes=\"(max-width: 300px) 100vw, 300px\" \/><\/a>S\u0131rf bu g\u00f6zlem bile kategoriye kar\u015f\u0131 olan talebi anlatmaya yeter. Mango, Uniqlo, TopShop gibi \u00f6rnekleri ge\u00e7tim. Ana odak noktas\u0131 \u2018ev i\u00e7i\u2019 giysileri olan Inditex grubuna ait Oysho markas\u0131nda bile daha d\u00fcne kadar i\u00e7 \u00e7ama\u015f\u0131r\u0131 ve pijamalar raflar\u0131 dolduruyordu.<span class=\"Apple-converted-space\">&nbsp; <\/span>\u015eimdi i\u00e7eri girseniz bir o kadar da evde vakit ge\u00e7irme giysisi var. Yarg\u0131c\u0131 ve Penti de T\u00fcrkiye\u2019den bu stratejiye iyi \u00f6rnek olabilecek di\u011fer iki marka. <\/span><\/p>\n<p class=\"p1\"><em><span class=\"s2\">Tamamen Psikolojik<\/span><\/em><\/p>\n<p class=\"p1\"><span class=\"s1\"> <b>Hygge\u2019\u0131n s\u0131rr\u0131 ki\u015fiyi ayn\u0131 anda mutlu, s\u0131cak, samimi ve huzurlu hissettirmesinde <a href=\"http:\/\/markahikayecisi.com\/wp-content\/uploads\/2018\/04\/hygge-sepet.jpg\"><img loading=\"lazy\" decoding=\"async\" class=\"alignright size-medium wp-image-2056\" src=\"http:\/\/markahikayecisi.com\/wp-content\/uploads\/2018\/04\/hygge-sepet-200x300.jpg\" alt=\"\" width=\"200\" height=\"300\" srcset=\"https:\/\/markahikayecisi.com\/wp-content\/uploads\/2018\/04\/hygge-sepet-200x300.jpg 200w, https:\/\/markahikayecisi.com\/wp-content\/uploads\/2018\/04\/hygge-sepet-490x735.jpg 490w, https:\/\/markahikayecisi.com\/wp-content\/uploads\/2018\/04\/hygge-sepet-287x430.jpg 287w, https:\/\/markahikayecisi.com\/wp-content\/uploads\/2018\/04\/hygge-sepet.jpg 620w\" sizes=\"(max-width: 200px) 100vw, 200px\" \/><\/a>sakl\u0131.<\/b> Olabildi\u011fince fazla duyuya ayn\u0131 anda dokunan bir ya\u015fam felsefesi. Zaten hygge\u2019\u0131n bir ak\u0131ma d\u00f6n\u00fc\u015fmesinin sebebi i\u015fin psikolojik yan\u0131. Ana ama\u00e7 iyi hissetmek. E durum b\u00f6yle olunca t\u00fcm g\u00fcn kaos i\u00e7inde ya\u015fayan \u015fehir insan\u0131na cazip gelmesin de kime gelsin? Sayfiye yerlerinde zaten her k\u00f6\u015fe hygge!<\/span><\/p>\n<p class=\"p1\"><span class=\"s1\"> \u015eu anda y\u00fcz binlerce turistin ak\u0131n ak\u0131n geldi\u011fi Ala\u00e7at\u0131&#8217;n\u0131n ba\u015flang\u0131\u00e7 noktas\u0131 da &#8216;hygge&#8217; olu\u015fu de\u011fil miydi?<span class=\"Apple-converted-space\">&nbsp; <\/span>Ta\u015f evleri, Ege dokusu, lezzeti yerinde taptaze mutfa\u011f\u0131 ve kendine \u00f6zg\u00fc samimiyeti de\u011fil miydi insanlar\u0131 \u00e7eken? Hatta \u015fimdilerde Ala\u00e7at\u0131&#8217;n\u0131n bozulmas\u0131ndan yak\u0131nan kitlenin bu sitem ile dile getirmek istedi\u011fi ortam\u0131n kendi kimli\u011finden, samimiyetinden, &#8216;hygge&#8217; \u00f6zelli\u011finden uzakla\u015fmas\u0131 olamaz m\u0131? K\u0131\u015f\u0131n Kars, yaz\u0131n Akyaka\u2019n\u0131n y\u0131ld\u0131z\u0131 ayn\u0131 \u00f6zelliklerden dolay\u0131 parlam\u0131yor mu?<\/span><\/p>\n<p class=\"p1\"><span class=\"s1\"> <a href=\"http:\/\/markahikayecisi.com\/wp-content\/uploads\/2018\/04\/riyad-jasmine-food.jpg\"><img loading=\"lazy\" decoding=\"async\" class=\"alignleft size-medium wp-image-2057\" src=\"http:\/\/markahikayecisi.com\/wp-content\/uploads\/2018\/04\/riyad-jasmine-food-200x300.jpg\" alt=\"\" width=\"200\" height=\"300\" srcset=\"https:\/\/markahikayecisi.com\/wp-content\/uploads\/2018\/04\/riyad-jasmine-food-200x300.jpg 200w, https:\/\/markahikayecisi.com\/wp-content\/uploads\/2018\/04\/riyad-jasmine-food-490x735.jpg 490w, https:\/\/markahikayecisi.com\/wp-content\/uploads\/2018\/04\/riyad-jasmine-food-287x430.jpg 287w, https:\/\/markahikayecisi.com\/wp-content\/uploads\/2018\/04\/riyad-jasmine-food.jpg 564w\" sizes=\"(max-width: 200px) 100vw, 200px\" \/><\/a>Fark ederek veya etmeyerek konuya dahilsiniz. Hepimiz dahiliz. \u00c7\u00fcnk\u00fc seyahatten ev ortam\u0131na, sosyalle\u015fmek i\u00e7in se\u00e7ilen aktiviteden cafe&#8217;ye bu trend her yeri ele ge\u00e7irmi\u015f durumda. Siz siz olun, e\u011fer hala hayaliniz bir marka kurmak veya minik bir Ege kasabas\u0131nda butik otel i\u015fletmek ise hygge konseptine ne kadar uyumlu olaca\u011f\u0131n\u0131 iyi \u00f6l\u00e7\u00fcn. G\u00f6r\u00fcnen o ki, iyiden iyiye dijitalle\u015ftirdi\u011fimiz d\u00fcnyada, en sade y\u00f6ntemlerle mutluluk re\u00e7etesi veren bu trend daha yeni k\u0131z\u0131\u015f\u0131yor. Daha hygge\u2019dan \u00e7oook bahsedece\u011fiz.<\/span><\/p>\n","protected":false},"excerpt":{"rendered":"<p>Asl\u0131nda bu yaz\u0131y\u0131 \u00e7ok daha \u00f6nce yazmak niyetindeydim. Aral\u0131k sonu veya Ocak ba\u015f\u0131 gibi. Havada kar&#8230;<\/p>","protected":false},"author":1,"featured_media":2052,"comment_status":"open","ping_status":"open","sticky":false,"template":"","format":"standard","meta":{"ngg_post_thumbnail":0,"footnotes":""},"categories":[4,882,168],"tags":[606,412,879,878,419,68,880,8,881,607,124],"location":[],"yoast_head":"<!-- This site is optimized with the Yoast SEO plugin v23.5 - https:\/\/yoast.com\/wordpress\/plugins\/seo\/ -->\n<title>Eminim Hygge\u2019a Bay\u0131l\u0131yorsunuz. Sadece hen\u00fcz bunun fark\u0131nda olmayabilirsiniz. - MarkaHikayecisi<\/title>\n<meta name=\"robots\" content=\"index, follow, max-snippet:-1, max-image-preview:large, max-video-preview:-1\" \/>\n<link rel=\"canonical\" href=\"https:\/\/markahikayecisi.com\/?p=2050\" \/>\n<meta property=\"og:locale\" content=\"tr_TR\" \/>\n<meta property=\"og:type\" content=\"article\" \/>\n<meta property=\"og:title\" content=\"Eminim Hygge\u2019a Bay\u0131l\u0131yorsunuz. Sadece hen\u00fcz bunun fark\u0131nda olmayabilirsiniz. - MarkaHikayecisi\" \/>\n<meta property=\"og:description\" content=\"Asl\u0131nda bu yaz\u0131y\u0131 \u00e7ok daha \u00f6nce yazmak niyetindeydim. Aral\u0131k sonu veya Ocak ba\u015f\u0131 gibi. Havada kar...\" \/>\n<meta property=\"og:url\" content=\"https:\/\/markahikayecisi.com\/?p=2050\" \/>\n<meta property=\"og:site_name\" content=\"MarkaHikayecisi\" \/>\n<meta property=\"article:published_time\" content=\"2018-04-05T07:11:12+00:00\" \/>\n<meta property=\"article:modified_time\" content=\"2019-01-15T16:12:55+00:00\" \/>\n<meta property=\"og:image\" content=\"https:\/\/markahikayecisi.com\/wp-content\/uploads\/2018\/04\/yatakodasi-hygge.jpg\" \/>\n\t<meta property=\"og:image:width\" content=\"600\" \/>\n\t<meta property=\"og:image:height\" content=\"400\" \/>\n\t<meta property=\"og:image:type\" content=\"image\/jpeg\" \/>\n<meta name=\"author\" content=\"Beg\u00fcm\" \/>\n<meta name=\"twitter:card\" content=\"summary_large_image\" \/>\n<meta name=\"twitter:label1\" content=\"Yazan:\" \/>\n\t<meta name=\"twitter:data1\" content=\"Beg\u00fcm\" \/>\n\t<meta name=\"twitter:label2\" content=\"Tahmini okuma s\u00fcresi\" \/>\n\t<meta name=\"twitter:data2\" content=\"5 dakika\" \/>\n<script type=\"application\/ld+json\" class=\"yoast-schema-graph\">{\"@context\":\"https:\/\/schema.org\",\"@graph\":[{\"@type\":\"WebPage\",\"@id\":\"https:\/\/markahikayecisi.com\/?p=2050\",\"url\":\"https:\/\/markahikayecisi.com\/?p=2050\",\"name\":\"Eminim Hygge\u2019a Bay\u0131l\u0131yorsunuz. Sadece hen\u00fcz bunun fark\u0131nda olmayabilirsiniz. - MarkaHikayecisi\",\"isPartOf\":{\"@id\":\"https:\/\/markahikayecisi.com\/#website\"},\"primaryImageOfPage\":{\"@id\":\"https:\/\/markahikayecisi.com\/?p=2050#primaryimage\"},\"image\":{\"@id\":\"https:\/\/markahikayecisi.com\/?p=2050#primaryimage\"},\"thumbnailUrl\":\"https:\/\/markahikayecisi.com\/wp-content\/uploads\/2018\/04\/yatakodasi-hygge.jpg\",\"datePublished\":\"2018-04-05T07:11:12+00:00\",\"dateModified\":\"2019-01-15T16:12:55+00:00\",\"author\":{\"@id\":\"https:\/\/markahikayecisi.com\/#\/schema\/person\/462a36338612b6495090406d61b31cab\"},\"breadcrumb\":{\"@id\":\"https:\/\/markahikayecisi.com\/?p=2050#breadcrumb\"},\"inLanguage\":\"tr\",\"potentialAction\":[{\"@type\":\"ReadAction\",\"target\":[\"https:\/\/markahikayecisi.com\/?p=2050\"]}]},{\"@type\":\"ImageObject\",\"inLanguage\":\"tr\",\"@id\":\"https:\/\/markahikayecisi.com\/?p=2050#primaryimage\",\"url\":\"https:\/\/markahikayecisi.com\/wp-content\/uploads\/2018\/04\/yatakodasi-hygge.jpg\",\"contentUrl\":\"https:\/\/markahikayecisi.com\/wp-content\/uploads\/2018\/04\/yatakodasi-hygge.jpg\",\"width\":600,\"height\":400},{\"@type\":\"BreadcrumbList\",\"@id\":\"https:\/\/markahikayecisi.com\/?p=2050#breadcrumb\",\"itemListElement\":[{\"@type\":\"ListItem\",\"position\":1,\"name\":\"Anasayfa\",\"item\":\"https:\/\/markahikayecisi.com\/\"},{\"@type\":\"ListItem\",\"position\":2,\"name\":\"Eminim Hygge\u2019a Bay\u0131l\u0131yorsunuz. Sadece hen\u00fcz bunun fark\u0131nda olmayabilirsiniz.\"}]},{\"@type\":\"WebSite\",\"@id\":\"https:\/\/markahikayecisi.com\/#website\",\"url\":\"https:\/\/markahikayecisi.com\/\",\"name\":\"MarkaHikayecisi\",\"description\":\"Moda, Tasar\u0131m ve L\u00fcks T\u00fcketim Pazarlamas\u0131 \u00dczerine\",\"potentialAction\":[{\"@type\":\"SearchAction\",\"target\":{\"@type\":\"EntryPoint\",\"urlTemplate\":\"https:\/\/markahikayecisi.com\/?s={search_term_string}\"},\"query-input\":{\"@type\":\"PropertyValueSpecification\",\"valueRequired\":true,\"valueName\":\"search_term_string\"}}],\"inLanguage\":\"tr\"},{\"@type\":\"Person\",\"@id\":\"https:\/\/markahikayecisi.com\/#\/schema\/person\/462a36338612b6495090406d61b31cab\",\"name\":\"Beg\u00fcm\",\"image\":{\"@type\":\"ImageObject\",\"inLanguage\":\"tr\",\"@id\":\"https:\/\/markahikayecisi.com\/#\/schema\/person\/image\/\",\"url\":\"https:\/\/markahikayecisi.com\/wp-content\/litespeed\/avatar\/911f07849d5c11022debbd4a4ae4949f.jpg?ver=1776971369\",\"contentUrl\":\"https:\/\/markahikayecisi.com\/wp-content\/litespeed\/avatar\/911f07849d5c11022debbd4a4ae4949f.jpg?ver=1776971369\",\"caption\":\"Beg\u00fcm\"},\"url\":\"https:\/\/markahikayecisi.com\/?author=1\"}]}<\/script>\n<!-- \/ Yoast SEO plugin. -->","yoast_head_json":{"title":"Eminim Hygge\u2019a Bay\u0131l\u0131yorsunuz. Sadece hen\u00fcz bunun fark\u0131nda olmayabilirsiniz. - MarkaHikayecisi","robots":{"index":"index","follow":"follow","max-snippet":"max-snippet:-1","max-image-preview":"max-image-preview:large","max-video-preview":"max-video-preview:-1"},"canonical":"https:\/\/markahikayecisi.com\/?p=2050","og_locale":"tr_TR","og_type":"article","og_title":"Eminim Hygge\u2019a Bay\u0131l\u0131yorsunuz. Sadece hen\u00fcz bunun fark\u0131nda olmayabilirsiniz. - MarkaHikayecisi","og_description":"Asl\u0131nda bu yaz\u0131y\u0131 \u00e7ok daha \u00f6nce yazmak niyetindeydim. Aral\u0131k sonu veya Ocak ba\u015f\u0131 gibi. Havada kar...","og_url":"https:\/\/markahikayecisi.com\/?p=2050","og_site_name":"MarkaHikayecisi","article_published_time":"2018-04-05T07:11:12+00:00","article_modified_time":"2019-01-15T16:12:55+00:00","og_image":[{"width":600,"height":400,"url":"https:\/\/markahikayecisi.com\/wp-content\/uploads\/2018\/04\/yatakodasi-hygge.jpg","type":"image\/jpeg"}],"author":"Beg\u00fcm","twitter_card":"summary_large_image","twitter_misc":{"Yazan:":"Beg\u00fcm","Tahmini okuma s\u00fcresi":"5 dakika"},"schema":{"@context":"https:\/\/schema.org","@graph":[{"@type":"WebPage","@id":"https:\/\/markahikayecisi.com\/?p=2050","url":"https:\/\/markahikayecisi.com\/?p=2050","name":"Eminim Hygge\u2019a Bay\u0131l\u0131yorsunuz. Sadece hen\u00fcz bunun fark\u0131nda olmayabilirsiniz. - MarkaHikayecisi","isPartOf":{"@id":"https:\/\/markahikayecisi.com\/#website"},"primaryImageOfPage":{"@id":"https:\/\/markahikayecisi.com\/?p=2050#primaryimage"},"image":{"@id":"https:\/\/markahikayecisi.com\/?p=2050#primaryimage"},"thumbnailUrl":"https:\/\/markahikayecisi.com\/wp-content\/uploads\/2018\/04\/yatakodasi-hygge.jpg","datePublished":"2018-04-05T07:11:12+00:00","dateModified":"2019-01-15T16:12:55+00:00","author":{"@id":"https:\/\/markahikayecisi.com\/#\/schema\/person\/462a36338612b6495090406d61b31cab"},"breadcrumb":{"@id":"https:\/\/markahikayecisi.com\/?p=2050#breadcrumb"},"inLanguage":"tr","potentialAction":[{"@type":"ReadAction","target":["https:\/\/markahikayecisi.com\/?p=2050"]}]},{"@type":"ImageObject","inLanguage":"tr","@id":"https:\/\/markahikayecisi.com\/?p=2050#primaryimage","url":"https:\/\/markahikayecisi.com\/wp-content\/uploads\/2018\/04\/yatakodasi-hygge.jpg","contentUrl":"https:\/\/markahikayecisi.com\/wp-content\/uploads\/2018\/04\/yatakodasi-hygge.jpg","width":600,"height":400},{"@type":"BreadcrumbList","@id":"https:\/\/markahikayecisi.com\/?p=2050#breadcrumb","itemListElement":[{"@type":"ListItem","position":1,"name":"Anasayfa","item":"https:\/\/markahikayecisi.com\/"},{"@type":"ListItem","position":2,"name":"Eminim Hygge\u2019a Bay\u0131l\u0131yorsunuz. Sadece hen\u00fcz bunun fark\u0131nda olmayabilirsiniz."}]},{"@type":"WebSite","@id":"https:\/\/markahikayecisi.com\/#website","url":"https:\/\/markahikayecisi.com\/","name":"MarkaHikayecisi","description":"Moda, Tasar\u0131m ve L\u00fcks T\u00fcketim Pazarlamas\u0131 \u00dczerine","potentialAction":[{"@type":"SearchAction","target":{"@type":"EntryPoint","urlTemplate":"https:\/\/markahikayecisi.com\/?s={search_term_string}"},"query-input":{"@type":"PropertyValueSpecification","valueRequired":true,"valueName":"search_term_string"}}],"inLanguage":"tr"},{"@type":"Person","@id":"https:\/\/markahikayecisi.com\/#\/schema\/person\/462a36338612b6495090406d61b31cab","name":"Beg\u00fcm","image":{"@type":"ImageObject","inLanguage":"tr","@id":"https:\/\/markahikayecisi.com\/#\/schema\/person\/image\/","url":"https:\/\/markahikayecisi.com\/wp-content\/litespeed\/avatar\/911f07849d5c11022debbd4a4ae4949f.jpg?ver=1776971369","contentUrl":"https:\/\/markahikayecisi.com\/wp-content\/litespeed\/avatar\/911f07849d5c11022debbd4a4ae4949f.jpg?ver=1776971369","caption":"Beg\u00fcm"},"url":"https:\/\/markahikayecisi.com\/?author=1"}]}},"_links":{"self":[{"href":"https:\/\/markahikayecisi.com\/index.php?rest_route=\/wp\/v2\/posts\/2050"}],"collection":[{"href":"https:\/\/markahikayecisi.com\/index.php?rest_route=\/wp\/v2\/posts"}],"about":[{"href":"https:\/\/markahikayecisi.com\/index.php?rest_route=\/wp\/v2\/types\/post"}],"author":[{"embeddable":true,"href":"https:\/\/markahikayecisi.com\/index.php?rest_route=\/wp\/v2\/users\/1"}],"replies":[{"embeddable":true,"href":"https:\/\/markahikayecisi.com\/index.php?rest_route=%2Fwp%2Fv2%2Fcomments&post=2050"}],"version-history":[{"count":3,"href":"https:\/\/markahikayecisi.com\/index.php?rest_route=\/wp\/v2\/posts\/2050\/revisions"}],"predecessor-version":[{"id":2062,"href":"https:\/\/markahikayecisi.com\/index.php?rest_route=\/wp\/v2\/posts\/2050\/revisions\/2062"}],"wp:featuredmedia":[{"embeddable":true,"href":"https:\/\/markahikayecisi.com\/index.php?rest_route=\/wp\/v2\/media\/2052"}],"wp:attachment":[{"href":"https:\/\/markahikayecisi.com\/index.php?rest_route=%2Fwp%2Fv2%2Fmedia&parent=2050"}],"wp:term":[{"taxonomy":"category","embeddable":true,"href":"https:\/\/markahikayecisi.com\/index.php?rest_route=%2Fwp%2Fv2%2Fcategories&post=2050"},{"taxonomy":"post_tag","embeddable":true,"href":"https:\/\/markahikayecisi.com\/index.php?rest_route=%2Fwp%2Fv2%2Ftags&post=2050"},{"taxonomy":"location","embeddable":true,"href":"https:\/\/markahikayecisi.com\/index.php?rest_route=%2Fwp%2Fv2%2Flocation&post=2050"}],"curies":[{"name":"wp","href":"https:\/\/api.w.org\/{rel}","templated":true}]}}